{"id":10060,"date":"2024-12-10T15:22:58","date_gmt":"2024-12-10T14:22:58","guid":{"rendered":"https:\/\/ffgleo.de\/wp\/?p=10060"},"modified":"2024-12-10T15:23:30","modified_gmt":"2024-12-10T14:23:30","slug":"das-buehnenstueck-schattenwelten-des-pisak-theaters-aus-bielefeld-wurde-am-06-dezember-2024-in-der-aula-aufgefuehrt","status":"publish","type":"post","link":"https:\/\/ffgleo.de\/wp\/?p=10060","title":{"rendered":"Das B\u00fchnenst\u00fcck \u201e(S)chattenwelten\u201c des Pisak-Theaters aus Bielefeld wurde am 06. Dezember 2024 in der Aula aufgef\u00fchrt"},"content":{"rendered":"\n<p>\u201eEinmal hat Liz sich nicht getraut, ihren Schwarm Kevin anzusprechen, da quatscht ihr ihre \u201ebeste\u201c Freundin Yvonne dazwischen und beendet so ihr Gespr\u00e4ch mit Kevin. Wutentbrannt setzt sich Liz zu Hause hin und manipuliert das Foto von Yvonne, was auf ihrer Seite ist\u2026\u201c<\/p>\n\n\n\n<figure class=\"wp-block-gallery has-nested-images columns-default is-cropped wp-block-gallery-1 is-layout-flex wp-block-gallery-is-layout-flex\">\n<figure class=\"wp-block-image size-large\"><a href=\"https:\/\/ffgleo.de\/wp\/wp-content\/uploads\/2024\/12\/2024_12_Schattenwelten_01-scaled.jpg\" target=\"_blank\" rel=\" noreferrer noopener\"><img loading=\"lazy\" decoding=\"async\" width=\"1024\" height=\"768\" data-id=\"10062\" src=\"https:\/\/ffgleo.de\/wp\/wp-content\/uploads\/2024\/12\/2024_12_Schattenwelten_01-1024x768.jpg\" alt=\"\" class=\"wp-image-10062\" srcset=\"https:\/\/ffgleo.de\/wp\/wp-content\/uploads\/2024\/12\/2024_12_Schattenwelten_01-1024x768.jpg 1024w, https:\/\/ffgleo.de\/wp\/wp-content\/uploads\/2024\/12\/2024_12_Schattenwelten_01-300x225.jpg 300w, https:\/\/ffgleo.de\/wp\/wp-content\/uploads\/2024\/12\/2024_12_Schattenwelten_01-768x576.jpg 768w, https:\/\/ffgleo.de\/wp\/wp-content\/uploads\/2024\/12\/2024_12_Schattenwelten_01-1536x1152.jpg 1536w, https:\/\/ffgleo.de\/wp\/wp-content\/uploads\/2024\/12\/2024_12_Schattenwelten_01-2048x1536.jpg 2048w, https:\/\/ffgleo.de\/wp\/wp-content\/uploads\/2024\/12\/2024_12_Schattenwelten_01-240x180.jpg 240w, https:\/\/ffgleo.de\/wp\/wp-content\/uploads\/2024\/12\/2024_12_Schattenwelten_01-400x300.jpg 400w\" sizes=\"auto, (max-width: 1024px) 100vw, 1024px\" \/><\/a><\/figure>\n\n\n\n<figure class=\"wp-block-image size-large\"><a href=\"https:\/\/ffgleo.de\/wp\/wp-content\/uploads\/2024\/12\/2024_12_Schattenwelten02-scaled.jpg\" target=\"_blank\" rel=\" noreferrer noopener\"><img loading=\"lazy\" decoding=\"async\" width=\"1024\" height=\"768\" data-id=\"10063\" src=\"https:\/\/ffgleo.de\/wp\/wp-content\/uploads\/2024\/12\/2024_12_Schattenwelten02-1024x768.jpg\" alt=\"\" class=\"wp-image-10063\" srcset=\"https:\/\/ffgleo.de\/wp\/wp-content\/uploads\/2024\/12\/2024_12_Schattenwelten02-1024x768.jpg 1024w, https:\/\/ffgleo.de\/wp\/wp-content\/uploads\/2024\/12\/2024_12_Schattenwelten02-300x225.jpg 300w, https:\/\/ffgleo.de\/wp\/wp-content\/uploads\/2024\/12\/2024_12_Schattenwelten02-768x576.jpg 768w, https:\/\/ffgleo.de\/wp\/wp-content\/uploads\/2024\/12\/2024_12_Schattenwelten02-1536x1152.jpg 1536w, https:\/\/ffgleo.de\/wp\/wp-content\/uploads\/2024\/12\/2024_12_Schattenwelten02-2048x1536.jpg 2048w, https:\/\/ffgleo.de\/wp\/wp-content\/uploads\/2024\/12\/2024_12_Schattenwelten02-240x180.jpg 240w, https:\/\/ffgleo.de\/wp\/wp-content\/uploads\/2024\/12\/2024_12_Schattenwelten02-400x300.jpg 400w\" sizes=\"auto, (max-width: 1024px) 100vw, 1024px\" \/><\/a><\/figure>\n<\/figure>\n\n\n\n<p>Nach der Auff\u00fchrung hatten die Sch\u00fclerinnen und Sch\u00fcler des 6. Jahrgangs die M\u00f6glichkeit mit dem Leiter und den Schauspielerinnen des Pisak-Theaters in ihren Klassen ins Gespr\u00e4ch zu kommen. So ging es \u00fcber die Bew\u00e4ltigung von Cybermobbing, das Kennenlernen der Pers\u00f6nlichkeitsrechte, sowie den Umgang mit Freundschaften und \u00fcber den umsichtigen Umgang mit den eigenen Daten in Social Media. Frau R\u00f6ssler, Frau Bollmeyer und Herr Wittke griffen gerne die Impulse der Jugendlichen auf und viele Ankn\u00fcpfungspunkte f\u00fcr weitere Gespr\u00e4che in der Klasse und im Elternhaus wurden angesto\u00dfen.<\/p>\n\n\n\n<p>Joh. Schumacher, Schulsozialarbeit<\/p>\n","protected":false},"excerpt":{"rendered":"<p>\u201eEinmal hat Liz sich nicht getraut, ihren Schwarm Kevin anzusprechen, da quatscht ihr ihre \u201ebeste\u201c Freundin Yvonne dazwischen und beendet so ihr Gespr\u00e4ch mit Kevin. Wutentbrannt setzt sich Liz zu Hause hin und manipuliert das Foto von Yvonne, was auf ihrer Seite ist\u2026\u201c Nach der Auff\u00fchrung hatten die Sch\u00fclerinnen und &hellip;<\/p>\n","protected":false},"author":3,"featured_media":10066,"comment_status":"closed","ping_status":"closed","sticky":false,"template":"","format":"standard","meta":{"footnotes":""},"categories":[1],"tags":[],"class_list":["post-10060","post","type-post","status-publish","format-standard","has-post-thumbnail","hentry","category-allgemein"],"_links":{"self":[{"href":"https:\/\/ffgleo.de\/wp\/index.php?rest_route=\/wp\/v2\/posts\/10060","targetHints":{"allow":["GET"]}}],"collection":[{"href":"https:\/\/ffgleo.de\/wp\/index.php?rest_route=\/wp\/v2\/posts"}],"about":[{"href":"https:\/\/ffgleo.de\/wp\/index.php?rest_route=\/wp\/v2\/types\/post"}],"author":[{"embeddable":true,"href":"https:\/\/ffgleo.de\/wp\/index.php?rest_route=\/wp\/v2\/users\/3"}],"replies":[{"embeddable":true,"href":"https:\/\/ffgleo.de\/wp\/index.php?rest_route=%2Fwp%2Fv2%2Fcomments&post=10060"}],"version-history":[{"count":3,"href":"https:\/\/ffgleo.de\/wp\/index.php?rest_route=\/wp\/v2\/posts\/10060\/revisions"}],"predecessor-version":[{"id":10065,"href":"https:\/\/ffgleo.de\/wp\/index.php?rest_route=\/wp\/v2\/posts\/10060\/revisions\/10065"}],"wp:featuredmedia":[{"embeddable":true,"href":"https:\/\/ffgleo.de\/wp\/index.php?rest_route=\/wp\/v2\/media\/10066"}],"wp:attachment":[{"href":"https:\/\/ffgleo.de\/wp\/index.php?rest_route=%2Fwp%2Fv2%2Fmedia&parent=10060"}],"wp:term":[{"taxonomy":"category","embeddable":true,"href":"https:\/\/ffgleo.de\/wp\/index.php?rest_route=%2Fwp%2Fv2%2Fcategories&post=10060"},{"taxonomy":"post_tag","embeddable":true,"href":"https:\/\/ffgleo.de\/wp\/index.php?rest_route=%2Fwp%2Fv2%2Ftags&post=10060"}],"curies":[{"name":"wp","href":"https:\/\/api.w.org\/{rel}","templated":true}]}}