{"id":11372,"date":"2025-07-01T20:48:06","date_gmt":"2025-07-01T18:48:06","guid":{"rendered":"https:\/\/ffgleo.de\/wp\/?p=11372"},"modified":"2025-07-01T20:48:06","modified_gmt":"2025-07-01T18:48:06","slug":"schulhofprojekt-2025","status":"publish","type":"post","link":"https:\/\/ffgleo.de\/wp\/?p=11372","title":{"rendered":"Schulhofprojekt 2025"},"content":{"rendered":"\n<p>Schon wieder ist unser Schulhof ein St\u00fcckchen sch\u00f6ner geworden!<\/p>\n\n\n\n<figure class=\"wp-block-gallery has-nested-images columns-default wp-block-gallery-1 is-layout-flex wp-block-gallery-is-layout-flex\">\n<figure class=\"wp-block-image size-medium\"><img loading=\"lazy\" decoding=\"async\" width=\"225\" height=\"300\" data-id=\"11388\" src=\"https:\/\/ffgleo.de\/wp\/wp-content\/uploads\/2025\/07\/PHOTO-2025-07-01-06-29-35-225x300.jpg\" alt=\"\" class=\"wp-image-11388\" srcset=\"https:\/\/ffgleo.de\/wp\/wp-content\/uploads\/2025\/07\/PHOTO-2025-07-01-06-29-35-225x300.jpg 225w, https:\/\/ffgleo.de\/wp\/wp-content\/uploads\/2025\/07\/PHOTO-2025-07-01-06-29-35-768x1024.jpg 768w, https:\/\/ffgleo.de\/wp\/wp-content\/uploads\/2025\/07\/PHOTO-2025-07-01-06-29-35-1152x1536.jpg 1152w, https:\/\/ffgleo.de\/wp\/wp-content\/uploads\/2025\/07\/PHOTO-2025-07-01-06-29-35-135x180.jpg 135w, https:\/\/ffgleo.de\/wp\/wp-content\/uploads\/2025\/07\/PHOTO-2025-07-01-06-29-35.jpg 1536w\" sizes=\"auto, (max-width: 225px) 100vw, 225px\" \/><\/figure>\n\n\n\n<figure class=\"wp-block-image size-medium\"><img loading=\"lazy\" decoding=\"async\" width=\"300\" height=\"225\" data-id=\"11386\" src=\"https:\/\/ffgleo.de\/wp\/wp-content\/uploads\/2025\/07\/PHOTO-2025-07-01-06-29-36b-300x225.jpg\" alt=\"\" class=\"wp-image-11386\" srcset=\"https:\/\/ffgleo.de\/wp\/wp-content\/uploads\/2025\/07\/PHOTO-2025-07-01-06-29-36b-300x225.jpg 300w, https:\/\/ffgleo.de\/wp\/wp-content\/uploads\/2025\/07\/PHOTO-2025-07-01-06-29-36b-1024x768.jpg 1024w, https:\/\/ffgleo.de\/wp\/wp-content\/uploads\/2025\/07\/PHOTO-2025-07-01-06-29-36b-768x576.jpg 768w, https:\/\/ffgleo.de\/wp\/wp-content\/uploads\/2025\/07\/PHOTO-2025-07-01-06-29-36b-1536x1152.jpg 1536w, https:\/\/ffgleo.de\/wp\/wp-content\/uploads\/2025\/07\/PHOTO-2025-07-01-06-29-36b-240x180.jpg 240w, https:\/\/ffgleo.de\/wp\/wp-content\/uploads\/2025\/07\/PHOTO-2025-07-01-06-29-36b-400x300.jpg 400w, https:\/\/ffgleo.de\/wp\/wp-content\/uploads\/2025\/07\/PHOTO-2025-07-01-06-29-36b.jpg 2048w\" sizes=\"auto, (max-width: 300px) 100vw, 300px\" \/><\/figure>\n\n\n\n<figure class=\"wp-block-image size-medium\"><img loading=\"lazy\" decoding=\"async\" width=\"225\" height=\"300\" data-id=\"11384\" src=\"https:\/\/ffgleo.de\/wp\/wp-content\/uploads\/2025\/07\/PHOTO-2025-07-01-06-29-36d-225x300.jpg\" alt=\"\" class=\"wp-image-11384\" srcset=\"https:\/\/ffgleo.de\/wp\/wp-content\/uploads\/2025\/07\/PHOTO-2025-07-01-06-29-36d-225x300.jpg 225w, https:\/\/ffgleo.de\/wp\/wp-content\/uploads\/2025\/07\/PHOTO-2025-07-01-06-29-36d-768x1024.jpg 768w, https:\/\/ffgleo.de\/wp\/wp-content\/uploads\/2025\/07\/PHOTO-2025-07-01-06-29-36d-1152x1536.jpg 1152w, https:\/\/ffgleo.de\/wp\/wp-content\/uploads\/2025\/07\/PHOTO-2025-07-01-06-29-36d-135x180.jpg 135w, https:\/\/ffgleo.de\/wp\/wp-content\/uploads\/2025\/07\/PHOTO-2025-07-01-06-29-36d.jpg 1536w\" sizes=\"auto, (max-width: 225px) 100vw, 225px\" \/><\/figure>\n\n\n\n<figure class=\"wp-block-image size-medium\"><img loading=\"lazy\" decoding=\"async\" width=\"225\" height=\"300\" data-id=\"11383\" src=\"https:\/\/ffgleo.de\/wp\/wp-content\/uploads\/2025\/07\/PHOTO-2025-07-01-06-29-36e-225x300.jpg\" alt=\"\" class=\"wp-image-11383\" srcset=\"https:\/\/ffgleo.de\/wp\/wp-content\/uploads\/2025\/07\/PHOTO-2025-07-01-06-29-36e-225x300.jpg 225w, https:\/\/ffgleo.de\/wp\/wp-content\/uploads\/2025\/07\/PHOTO-2025-07-01-06-29-36e-768x1024.jpg 768w, https:\/\/ffgleo.de\/wp\/wp-content\/uploads\/2025\/07\/PHOTO-2025-07-01-06-29-36e-1152x1536.jpg 1152w, https:\/\/ffgleo.de\/wp\/wp-content\/uploads\/2025\/07\/PHOTO-2025-07-01-06-29-36e-135x180.jpg 135w, https:\/\/ffgleo.de\/wp\/wp-content\/uploads\/2025\/07\/PHOTO-2025-07-01-06-29-36e.jpg 1536w\" sizes=\"auto, (max-width: 225px) 100vw, 225px\" \/><\/figure>\n<\/figure>\n\n\n\n<p>Sch\u00fclerinnen und Sch\u00fcler aus dem 9. und 10. Jahrgang sowie mehrere Lehrkr\u00e4fte und Hausmeister haben am 27. und 30. Juni tatkr\u00e4ftig dazu beigetragen, dass weitere Sitzgelegenheiten auf dem Schulhof entstanden sind.<\/p>\n\n\n\n<p>Zusammen mit Stefan Wrobel von der Firma Lebens(t)raum wurden zwei Tage lang L\u00f6cher gebuddelt, Baumst\u00e4mme gesch\u00e4lt, H\u00f6lzer ges\u00e4gt und Bretter verschraubt. Bei guter Laune wurde geschaufelt, gepflastert und geschwitzt, bis der neue Bauabschnitt neben dem Pausenverleih fertig war. Hier entstand bereits im letzten Jahr ein wundersch\u00f6ner Aufenthaltsbereich aus Naturmaterialien, der nun erg\u00e4nzt wurde. Die Fl\u00e4che l\u00e4dt zum Verweilen ein, kann aber ebenso f\u00fcr unterrichtliche Zwecke als Outdoorklassenzimmer genutzt werden.<\/p>\n\n\n\n<p>Unter unserem wundersch\u00f6nen alten Baumbestand bietet die neue entstandene Fl\u00e4che vor allem bei den sommerlichen Temperaturen ein schattiges Pl\u00e4tzchen.<\/p>\n\n\n\n<p>Alle Helferinnen und Helfer d\u00fcrfen stolz auf das Ergebnis sein. Die Hauswirtschaftskurse haben wieder die Verpflegung \u00fcbernommen. Die Gemeinde half uns ganz unkompliziert bei der Organisation eines Baggers f\u00fcr die Vorarbeiten. Hier wurde nicht nur im w\u00f6rtlichen Sinne Hand in Hand gearbeitet.<\/p>\n\n\n\n<p>Vielen Dank an alle, die zu dieser tollen Gemeinschaftsaktion beigetragen haben!<\/p>\n","protected":false},"excerpt":{"rendered":"<p>Schon wieder ist unser Schulhof ein St\u00fcckchen sch\u00f6ner geworden! Sch\u00fclerinnen und Sch\u00fcler aus dem 9. und 10. Jahrgang sowie mehrere Lehrkr\u00e4fte und Hausmeister haben am 27. und 30. Juni tatkr\u00e4ftig dazu beigetragen, dass weitere Sitzgelegenheiten auf dem Schulhof entstanden sind. Zusammen mit Stefan Wrobel von der Firma Lebens(t)raum wurden zwei &hellip;<\/p>\n","protected":false},"author":3,"featured_media":11389,"comment_status":"closed","ping_status":"closed","sticky":false,"template":"","format":"standard","meta":{"footnotes":""},"categories":[1],"tags":[],"class_list":["post-11372","post","type-post","status-publish","format-standard","has-post-thumbnail","hentry","category-allgemein"],"_links":{"self":[{"href":"https:\/\/ffgleo.de\/wp\/index.php?rest_route=\/wp\/v2\/posts\/11372","targetHints":{"allow":["GET"]}}],"collection":[{"href":"https:\/\/ffgleo.de\/wp\/index.php?rest_route=\/wp\/v2\/posts"}],"about":[{"href":"https:\/\/ffgleo.de\/wp\/index.php?rest_route=\/wp\/v2\/types\/post"}],"author":[{"embeddable":true,"href":"https:\/\/ffgleo.de\/wp\/index.php?rest_route=\/wp\/v2\/users\/3"}],"replies":[{"embeddable":true,"href":"https:\/\/ffgleo.de\/wp\/index.php?rest_route=%2Fwp%2Fv2%2Fcomments&post=11372"}],"version-history":[{"count":2,"href":"https:\/\/ffgleo.de\/wp\/index.php?rest_route=\/wp\/v2\/posts\/11372\/revisions"}],"predecessor-version":[{"id":11390,"href":"https:\/\/ffgleo.de\/wp\/index.php?rest_route=\/wp\/v2\/posts\/11372\/revisions\/11390"}],"wp:featuredmedia":[{"embeddable":true,"href":"https:\/\/ffgleo.de\/wp\/index.php?rest_route=\/wp\/v2\/media\/11389"}],"wp:attachment":[{"href":"https:\/\/ffgleo.de\/wp\/index.php?rest_route=%2Fwp%2Fv2%2Fmedia&parent=11372"}],"wp:term":[{"taxonomy":"category","embeddable":true,"href":"https:\/\/ffgleo.de\/wp\/index.php?rest_route=%2Fwp%2Fv2%2Fcategories&post=11372"},{"taxonomy":"post_tag","embeddable":true,"href":"https:\/\/ffgleo.de\/wp\/index.php?rest_route=%2Fwp%2Fv2%2Ftags&post=11372"}],"curies":[{"name":"wp","href":"https:\/\/api.w.org\/{rel}","templated":true}]}}