{"id":11407,"date":"2025-07-06T12:39:35","date_gmt":"2025-07-06T10:39:35","guid":{"rendered":"https:\/\/ffgleo.de\/wp\/?p=11407"},"modified":"2025-07-07T08:17:09","modified_gmt":"2025-07-07T06:17:09","slug":"stimmungsvolle-abi-entlassfeier-an-der-ffg","status":"publish","type":"post","link":"https:\/\/ffgleo.de\/wp\/?p=11407","title":{"rendered":"Stimmungsvolle ABI-Entlassfeier an der FFG"},"content":{"rendered":"\n<p><em><strong>89 Absolventen, 21-mal die Eins vor dem Komma, ein gl\u00fccklicher Jahrgang<\/strong><\/em><\/p>\n\n\n\n<figure class=\"wp-block-image size-large\"><a href=\"https:\/\/ffgleo.de\/wp\/wp-content\/uploads\/2025\/07\/Abi_2025_Gruppenfoto-scaled.jpg\"><img loading=\"lazy\" decoding=\"async\" width=\"1024\" height=\"685\" src=\"https:\/\/ffgleo.de\/wp\/wp-content\/uploads\/2025\/07\/Abi_2025_Gruppenfoto-1024x685.jpg\" alt=\"\" class=\"wp-image-11401\" srcset=\"https:\/\/ffgleo.de\/wp\/wp-content\/uploads\/2025\/07\/Abi_2025_Gruppenfoto-1024x685.jpg 1024w, https:\/\/ffgleo.de\/wp\/wp-content\/uploads\/2025\/07\/Abi_2025_Gruppenfoto-300x201.jpg 300w, https:\/\/ffgleo.de\/wp\/wp-content\/uploads\/2025\/07\/Abi_2025_Gruppenfoto-768x514.jpg 768w, https:\/\/ffgleo.de\/wp\/wp-content\/uploads\/2025\/07\/Abi_2025_Gruppenfoto-1536x1028.jpg 1536w, https:\/\/ffgleo.de\/wp\/wp-content\/uploads\/2025\/07\/Abi_2025_Gruppenfoto-2048x1371.jpg 2048w, https:\/\/ffgleo.de\/wp\/wp-content\/uploads\/2025\/07\/Abi_2025_Gruppenfoto-269x180.jpg 269w\" sizes=\"auto, (max-width: 1024px) 100vw, 1024px\" \/><\/a><figcaption class=\"wp-element-caption\"><em>Abiturient*innen 2025 vor der Schule<\/em><\/figcaption><\/figure>\n\n\n\n<p>In einer vollen Aula wurden am vergangenen Freitag die Abitur-Zeugnisse in einer stimmungsvollen Feier \u00fcbergeben. In diesem Jahr gibt es an der Felix-Fechenbach-Gesamtschule viel Grund zur Freude. Insgesamt bekommen 89 Sch\u00fclerinnen und Sch\u00fcler ihr Abitur oder den schulischen Teil der Fachhochschulreife \u00fcberreicht. Dabei kam es erneut zu Spitzenleistungen.<\/p>\n\n\n\n<p>Timo Neufeld hat in diesem Jahr das beste Abitur der Schule mit der Traumnote 1,1 erzielt. &nbsp;Besonders erfolgreich waren auch Mailin Hilker (1,1) und Jana D\u00fcll (1,2). Auch diese Sch\u00fclerinnen wurden geehrt. Das Spitzentrio konnte sich \u00fcber Gutscheine des Theaters Bielefeld freuen, das mit der FFG \u00fcber eine langj\u00e4hrige Partnerschaft eng verbunden ist.<\/p>\n\n\n\n<figure class=\"wp-block-image size-large\"><a href=\"https:\/\/ffgleo.de\/wp\/wp-content\/uploads\/2025\/07\/Abi_2025_bestesAbi-scaled.jpg\"><img loading=\"lazy\" decoding=\"async\" width=\"1024\" height=\"685\" src=\"https:\/\/ffgleo.de\/wp\/wp-content\/uploads\/2025\/07\/Abi_2025_bestesAbi-1024x685.jpg\" alt=\"\" class=\"wp-image-11402\" srcset=\"https:\/\/ffgleo.de\/wp\/wp-content\/uploads\/2025\/07\/Abi_2025_bestesAbi-1024x685.jpg 1024w, https:\/\/ffgleo.de\/wp\/wp-content\/uploads\/2025\/07\/Abi_2025_bestesAbi-300x201.jpg 300w, https:\/\/ffgleo.de\/wp\/wp-content\/uploads\/2025\/07\/Abi_2025_bestesAbi-768x514.jpg 768w, https:\/\/ffgleo.de\/wp\/wp-content\/uploads\/2025\/07\/Abi_2025_bestesAbi-1536x1028.jpg 1536w, https:\/\/ffgleo.de\/wp\/wp-content\/uploads\/2025\/07\/Abi_2025_bestesAbi-2048x1371.jpg 2048w, https:\/\/ffgleo.de\/wp\/wp-content\/uploads\/2025\/07\/Abi_2025_bestesAbi-269x180.jpg 269w\" sizes=\"auto, (max-width: 1024px) 100vw, 1024px\" \/><\/a><figcaption class=\"wp-element-caption\"><em>Bestes Abitur 2025: Timo Neufeld (1,1), Jana D\u00fcll (1,2) und Mailin Hilker (1,1) (v.l.n.r.)<\/em><\/figcaption><\/figure>\n\n\n\n<p>Oberstufenleiter Ulrich Schumann vergab des Weiteren Preise f\u00fcr die besten Leistungen in den F\u00e4chern Chemie und Physik vergeben. Geehrt werden Ben Schunk und Pascal Hundehege f\u00fcr besondere Leistungen im Fach Chemie und Tim Lessmeier im Fach Physik. Ein Sonderpreis geht au\u00dferdem an Massa Faour f\u00fcr das beste Abitur des Jahres im Fach Mathematik.<\/p>\n\n\n\n<figure class=\"wp-block-image size-large\"><a href=\"https:\/\/ffgleo.de\/wp\/wp-content\/uploads\/2025\/07\/Abi_2025_Ma_Phy-scaled.jpg\"><img loading=\"lazy\" decoding=\"async\" width=\"1024\" height=\"685\" src=\"https:\/\/ffgleo.de\/wp\/wp-content\/uploads\/2025\/07\/Abi_2025_Ma_Phy-1024x685.jpg\" alt=\"\" class=\"wp-image-11403\" srcset=\"https:\/\/ffgleo.de\/wp\/wp-content\/uploads\/2025\/07\/Abi_2025_Ma_Phy-1024x685.jpg 1024w, https:\/\/ffgleo.de\/wp\/wp-content\/uploads\/2025\/07\/Abi_2025_Ma_Phy-300x201.jpg 300w, https:\/\/ffgleo.de\/wp\/wp-content\/uploads\/2025\/07\/Abi_2025_Ma_Phy-768x514.jpg 768w, https:\/\/ffgleo.de\/wp\/wp-content\/uploads\/2025\/07\/Abi_2025_Ma_Phy-1536x1028.jpg 1536w, https:\/\/ffgleo.de\/wp\/wp-content\/uploads\/2025\/07\/Abi_2025_Ma_Phy-2048x1371.jpg 2048w, https:\/\/ffgleo.de\/wp\/wp-content\/uploads\/2025\/07\/Abi_2025_Ma_Phy-269x180.jpg 269w\" sizes=\"auto, (max-width: 1024px) 100vw, 1024px\" \/><\/a><figcaption class=\"wp-element-caption\"><em>Massa Faour (bestes Abitur Mathematik) und Tim Lessmeier (bestes Abitur Physik)<\/em><\/figcaption><\/figure>\n\n\n\n<p><strong>Erste Abiturfeier des neuen Schulleiters<\/strong><\/p>\n\n\n\n<p>Unser neuer Schulleiter Thomas Friebertsh\u00e4user betonte in seiner ersten Abiturrede die Werte der Demokratie. Er rief die Abiturientinnen und Abiturienten auf, diese zu bewahren und sich daf\u00fcr zu engagieren. Friebertsh\u00e4user erinnerte in diesem Zusammenhang auch an unseren Namensgeber Felix Fechenbach. Der Schulleiter betonte, dass bei gleich 21 Abiturientinnen und Abiturienten die \u201eEins\u201c vor dem Komma stand.<\/p>\n\n\n\n<p>B\u00fcrgermeister Martin Hoffmann erinnerte sich an seiner eigene Oberstufenzeit und gab zu, dass er doch froh war, als diese vorbei war \u2013 trotz positiver Erinnerungen an seine Schulzeit. Er forderte die Abiturientinnen und Abiturienten auf, Neues zu wagen und durchzuhalten. Es dauere eine Weile, bis man sich neu eingelebt habe, aber es lohne sich. Auch Hoffmann betonte, wie wichtig das demokratische Engagement der jungen Generation. An Leopoldsh\u00f6he sollten sich die nun ehemaligen Sch\u00fcler immer erinnern, denn auch die Firmen vor Ort brauchen dringend gute Kr\u00e4fte.<\/p>\n\n\n\n<p>Oberstufenleiter Schumann w\u00fcnschte den Sch\u00fclerinnen und Sch\u00fcler, dass Ihnen eine gute Work-Life-Balance gelinge und dass die momentan aktuelle Forderung, dass im Land wieder mehr gearbeitet werden m\u00fcsse, auch Risiken berge. Wenn diese Forderung nicht mehr Wohlstand bringe, freuen sich die Populisten, so Schumann.<\/p>\n\n\n\n<p>&nbsp;In einem humorvollen Beitrag verabschiedete sich das Beratungslehrerteam Marcus Herrmann-Rohlfing, Ingo Wetzel, Alexandra Kappel und Claudia Kopyciok von ihrem Jahrgang. Die Vier ahmten ein Pokerspiel nach und bezogen sich auf das nicht ganz ernst gemeinte Motto des Jahrgangs: \u201e\u2026um jeden Punkt gepokert.\u201c<\/p>\n\n\n\n<figure class=\"wp-block-image size-large\"><a href=\"https:\/\/ffgleo.de\/wp\/wp-content\/uploads\/2025\/07\/Abi_2025_Team-scaled.jpg\"><img loading=\"lazy\" decoding=\"async\" width=\"1024\" height=\"685\" src=\"https:\/\/ffgleo.de\/wp\/wp-content\/uploads\/2025\/07\/Abi_2025_Team-1024x685.jpg\" alt=\"\" class=\"wp-image-11406\" srcset=\"https:\/\/ffgleo.de\/wp\/wp-content\/uploads\/2025\/07\/Abi_2025_Team-1024x685.jpg 1024w, https:\/\/ffgleo.de\/wp\/wp-content\/uploads\/2025\/07\/Abi_2025_Team-300x201.jpg 300w, https:\/\/ffgleo.de\/wp\/wp-content\/uploads\/2025\/07\/Abi_2025_Team-768x514.jpg 768w, https:\/\/ffgleo.de\/wp\/wp-content\/uploads\/2025\/07\/Abi_2025_Team-1536x1028.jpg 1536w, https:\/\/ffgleo.de\/wp\/wp-content\/uploads\/2025\/07\/Abi_2025_Team-2048x1371.jpg 2048w, https:\/\/ffgleo.de\/wp\/wp-content\/uploads\/2025\/07\/Abi_2025_Team-269x180.jpg 269w\" sizes=\"auto, (max-width: 1024px) 100vw, 1024px\" \/><\/a><figcaption class=\"wp-element-caption\"><em>Das Beratungslehrerteam: Claudia Kopyciok, Alexandra Kappel, Marcus Herrmann-Rohlfing, Ingo Wetzel<\/em><\/figcaption><\/figure>\n\n\n\n<p><strong>Viel Dank und gute Stimmung<\/strong><\/p>\n\n\n\n<p>Ahmad Al Jassem und Skadi Kleine lie\u00dfen drei Jahre Oberstufe Revue passieren. In der Rede und in dem Videobeitrag von Emmi B\u00f6kenbrink merkte man an, wie sehr sich der Jahrgang mit der FFG identifiziert hat. Das Jahrgangssprecherteam bedankte sich bei den Beratungslehrern und bei Oberstufenleiter Schumann. Das Video verband Eindr\u00fccke von Fahrten, Mottowoche und Unterrichtsalltag zu einem bunten und sehr lustigen Mix. Von besonderer Emotionalit\u00e4t war der Dank der Sch\u00fclervertretung gepr\u00e4gt. Zahlreich Mitglieder des Abiturjahrgangs waren in der SV aktiv.<\/p>\n\n\n\n<figure class=\"wp-block-image size-large\"><a href=\"https:\/\/ffgleo.de\/wp\/wp-content\/uploads\/2025\/07\/Abi_2025_Rede-scaled.jpg\"><img loading=\"lazy\" decoding=\"async\" width=\"685\" height=\"1024\" src=\"https:\/\/ffgleo.de\/wp\/wp-content\/uploads\/2025\/07\/Abi_2025_Rede-685x1024.jpg\" alt=\"\" class=\"wp-image-11405\" style=\"aspect-ratio:1;object-fit:cover\" srcset=\"https:\/\/ffgleo.de\/wp\/wp-content\/uploads\/2025\/07\/Abi_2025_Rede-685x1024.jpg 685w, https:\/\/ffgleo.de\/wp\/wp-content\/uploads\/2025\/07\/Abi_2025_Rede-201x300.jpg 201w, https:\/\/ffgleo.de\/wp\/wp-content\/uploads\/2025\/07\/Abi_2025_Rede-768x1147.jpg 768w, https:\/\/ffgleo.de\/wp\/wp-content\/uploads\/2025\/07\/Abi_2025_Rede-1028x1536.jpg 1028w, https:\/\/ffgleo.de\/wp\/wp-content\/uploads\/2025\/07\/Abi_2025_Rede-1371x2048.jpg 1371w, https:\/\/ffgleo.de\/wp\/wp-content\/uploads\/2025\/07\/Abi_2025_Rede-120x180.jpg 120w, https:\/\/ffgleo.de\/wp\/wp-content\/uploads\/2025\/07\/Abi_2025_Rede-scaled.jpg 1714w\" sizes=\"auto, (max-width: 685px) 100vw, 685px\" \/><\/a><figcaption class=\"wp-element-caption\"><em>Jahrgangssprecher Ahmad Al Jassem und Jahrgangssprecherin Skadi Kleine bei ihrer Rede<\/em><\/figcaption><\/figure>\n\n\n\n<p><strong>Neu: Ehrungen des Ehemaligenvereins<\/strong><\/p>\n\n\n\n<p>W\u00e4hrend Oberstufenleiter Ulrich Schumann die besten Leistungen im Abitur ehrte, gab es ab sofort auch Preise vom Ehemaligenverein der Schule geben. Melina Seepe und der ehemalige Sch\u00fcler Thilo Blome, der heute ein gro\u00dfes Steuerb\u00fcro leitet, zeichneten Till Hormann f\u00fcr das besondere \u201egesellschaftliche Engagement\u201c aus. In der Kategorie \u201eInspiration f\u00fcr andere\u201c wurde Skadi Kleine geehrt. Als Jahrgangssprecherin initiierte und organisierte sie zahlreiche Projekte. Auch die \u201ebesondere Vielseitigkeit\u201c von Maik Truffel fiel dem Ehemaligenverein auf. Dieser Sch\u00fcler erbrachte nicht nur in den Naturwissenschaften tolle Leistungen, er bleibt auch wegen seines \u00fcberragenden Schauspiels in der Literaturkursauff\u00fchrung 2024 in Erinnerung. Dort \u00fcbernahm er die Rolle des Franz Woyzeck.<\/p>\n\n\n\n<figure class=\"wp-block-image size-large\"><a href=\"https:\/\/ffgleo.de\/wp\/wp-content\/uploads\/2025\/07\/Abi_2025_SCHU-scaled.jpg\"><img loading=\"lazy\" decoding=\"async\" width=\"768\" height=\"1024\" src=\"https:\/\/ffgleo.de\/wp\/wp-content\/uploads\/2025\/07\/Abi_2025_SCHU-768x1024.jpg\" alt=\"\" class=\"wp-image-11400\" style=\"aspect-ratio:4\/3;object-fit:cover\" srcset=\"https:\/\/ffgleo.de\/wp\/wp-content\/uploads\/2025\/07\/Abi_2025_SCHU-768x1024.jpg 768w, https:\/\/ffgleo.de\/wp\/wp-content\/uploads\/2025\/07\/Abi_2025_SCHU-225x300.jpg 225w, https:\/\/ffgleo.de\/wp\/wp-content\/uploads\/2025\/07\/Abi_2025_SCHU-1152x1536.jpg 1152w, https:\/\/ffgleo.de\/wp\/wp-content\/uploads\/2025\/07\/Abi_2025_SCHU-1536x2048.jpg 1536w, https:\/\/ffgleo.de\/wp\/wp-content\/uploads\/2025\/07\/Abi_2025_SCHU-135x180.jpg 135w, https:\/\/ffgleo.de\/wp\/wp-content\/uploads\/2025\/07\/Abi_2025_SCHU-scaled.jpg 1920w\" sizes=\"auto, (max-width: 768px) 100vw, 768px\" \/><\/a><figcaption class=\"wp-element-caption\"><em>Oberstufenkoordinator Ulrich Schumann<\/em><\/figcaption><\/figure>\n\n\n\n<p><strong>Geschichte \u2013 ein Schwerpunkt des FFG-Abiturs 2025<\/strong><\/p>\n\n\n\n<p>Das Fach Geschichte war f\u00fcr diesen Jahrgang ein besonderes Fach. Mit dem Abiturjahrgang 2025 ist auch der erste Leistungskurs Geschichte seit vielen Jahren in die Pr\u00fcfungen gegangen. Durch die stetig wachsende Oberstufe in Leopoldsh\u00f6he war ein siebtes LK-Fach n\u00f6tig geworden. Die Wahl fiel 2022 auf das Fach Geschichte. Diese Entscheidung tr\u00e4gt nun Fr\u00fcchte: einerseits k\u00f6nnen sich die Abiturergebnisse in diesem Fach sehen lassen, andererseits wird der neue Leistungskurs auch in den unteren Jahrg\u00e4ngen stark angew\u00e4hlt: im kommenden 12. Jahrgang haben die sich die H\u00e4lfte der Sch\u00fcler, die \u00fcberhaupt Geschichte gew\u00e4hlt haben, f\u00fcr einen Leistungskurs in diesem Fach entschieden.<\/p>\n\n\n\n<p>Der scheidende Abiturjahrgang ist auch der erste, der mehrere Tage in der Gedenkst\u00e4tte Auschwitz verbracht hat. Die Sch\u00fcler kamen sichtlich ver\u00e4ndert von dieser Fahrt zur\u00fcck. Ihre Eindr\u00fccke haben sie in einer Ausstellung im Selbstlernzentrum der Schule verarbeitet. Der kommende Abiturjahrgang wird im Oktober nach Polen reisen. Hier etabliert sich \u2013 ganz im Sinne unseres Namensgebers \u2013 ein neues, zentrales Element in der FFG-Oberstufe. Der Abiturjahrgang 2025 hat hier Ma\u00dfst\u00e4be gesetzt.<\/p>\n\n\n\n<p><strong>Vielf\u00e4ltige musikalische Rahmung<\/strong><\/p>\n\n\n\n<p>Die Musikkurse des 11. Jahrgangs werden die Feier wieder musikalisch rahmen. Unter der Leitung von Martina K\u00fcnsting und Angela Wittemeier gibt es einen Streifzug durch die Geschichte der Popmusik: \u201eDon\u2019t Stop Believin\u2018\u201c aus den 1980ern, \u201eWonderwall\u201c aus den 1990ern und Ed Sheerans \u201eShape Of You\u201c werden zu h\u00f6ren sein. Auch hier zeigt der Abiturjahrgang, was er kann: Rosa Glatthor wird in einem Klaviersolo das St\u00fcck \u201eNuvole Bianche\u201c spielen.<\/p>\n\n\n\n<p>Am Ende stand bei bestem Sommerwetter ein Sektempfang auf dem Schulhof, der vom 11. Jahrgang unter der Leitung von Katrin Gerhard und Karen Nonte stilvoll gestaltet wurde.<\/p>\n\n\n\n<figure class=\"wp-block-image size-large\"><a href=\"https:\/\/ffgleo.de\/wp\/wp-content\/uploads\/2025\/07\/Abi_2025_Buehne-scaled.jpg\"><img loading=\"lazy\" decoding=\"async\" width=\"1024\" height=\"685\" src=\"https:\/\/ffgleo.de\/wp\/wp-content\/uploads\/2025\/07\/Abi_2025_Buehne-1024x685.jpg\" alt=\"\" class=\"wp-image-11404\" srcset=\"https:\/\/ffgleo.de\/wp\/wp-content\/uploads\/2025\/07\/Abi_2025_Buehne-1024x685.jpg 1024w, https:\/\/ffgleo.de\/wp\/wp-content\/uploads\/2025\/07\/Abi_2025_Buehne-300x201.jpg 300w, https:\/\/ffgleo.de\/wp\/wp-content\/uploads\/2025\/07\/Abi_2025_Buehne-768x514.jpg 768w, https:\/\/ffgleo.de\/wp\/wp-content\/uploads\/2025\/07\/Abi_2025_Buehne-1536x1028.jpg 1536w, https:\/\/ffgleo.de\/wp\/wp-content\/uploads\/2025\/07\/Abi_2025_Buehne-2048x1371.jpg 2048w, https:\/\/ffgleo.de\/wp\/wp-content\/uploads\/2025\/07\/Abi_2025_Buehne-269x180.jpg 269w\" sizes=\"auto, (max-width: 1024px) 100vw, 1024px\" \/><\/a><figcaption class=\"wp-element-caption\"><em>Abiturient*innen 2025 auf der B\u00fchne der Aula<\/em><\/figcaption><\/figure>\n","protected":false},"excerpt":{"rendered":"<p>89 Absolventen, 21-mal die Eins vor dem Komma, ein gl\u00fccklicher Jahrgang In einer vollen Aula wurden am vergangenen Freitag die Abitur-Zeugnisse in einer stimmungsvollen Feier \u00fcbergeben. In diesem Jahr gibt es an der Felix-Fechenbach-Gesamtschule viel Grund zur Freude. Insgesamt bekommen 89 Sch\u00fclerinnen und Sch\u00fcler ihr Abitur oder den schulischen Teil &hellip;<\/p>\n","protected":false},"author":3,"featured_media":11399,"comment_status":"closed","ping_status":"closed","sticky":false,"template":"","format":"standard","meta":{"footnotes":""},"categories":[1],"tags":[],"class_list":["post-11407","post","type-post","status-publish","format-standard","has-post-thumbnail","hentry","category-allgemein"],"_links":{"self":[{"href":"https:\/\/ffgleo.de\/wp\/index.php?rest_route=\/wp\/v2\/posts\/11407","targetHints":{"allow":["GET"]}}],"collection":[{"href":"https:\/\/ffgleo.de\/wp\/index.php?rest_route=\/wp\/v2\/posts"}],"about":[{"href":"https:\/\/ffgleo.de\/wp\/index.php?rest_route=\/wp\/v2\/types\/post"}],"author":[{"embeddable":true,"href":"https:\/\/ffgleo.de\/wp\/index.php?rest_route=\/wp\/v2\/users\/3"}],"replies":[{"embeddable":true,"href":"https:\/\/ffgleo.de\/wp\/index.php?rest_route=%2Fwp%2Fv2%2Fcomments&post=11407"}],"version-history":[{"count":3,"href":"https:\/\/ffgleo.de\/wp\/index.php?rest_route=\/wp\/v2\/posts\/11407\/revisions"}],"predecessor-version":[{"id":11411,"href":"https:\/\/ffgleo.de\/wp\/index.php?rest_route=\/wp\/v2\/posts\/11407\/revisions\/11411"}],"wp:featuredmedia":[{"embeddable":true,"href":"https:\/\/ffgleo.de\/wp\/index.php?rest_route=\/wp\/v2\/media\/11399"}],"wp:attachment":[{"href":"https:\/\/ffgleo.de\/wp\/index.php?rest_route=%2Fwp%2Fv2%2Fmedia&parent=11407"}],"wp:term":[{"taxonomy":"category","embeddable":true,"href":"https:\/\/ffgleo.de\/wp\/index.php?rest_route=%2Fwp%2Fv2%2Fcategories&post=11407"},{"taxonomy":"post_tag","embeddable":true,"href":"https:\/\/ffgleo.de\/wp\/index.php?rest_route=%2Fwp%2Fv2%2Ftags&post=11407"}],"curies":[{"name":"wp","href":"https:\/\/api.w.org\/{rel}","templated":true}]}}