{"id":11429,"date":"2025-07-12T12:14:38","date_gmt":"2025-07-12T10:14:38","guid":{"rendered":"https:\/\/ffgleo.de\/wp\/?p=11429"},"modified":"2025-09-04T15:27:40","modified_gmt":"2025-09-04T13:27:40","slug":"veraenderungen-im-kollegium-3","status":"publish","type":"post","link":"https:\/\/ffgleo.de\/wp\/?p=11429","title":{"rendered":"Ver\u00e4nderungen im Kollegium"},"content":{"rendered":"\n<p><br>Zum Ende dieses Schuljahres verabschieden wir drei langj\u00e4hrige und gesch\u00e4tzte Kolleginnen<br>und Kollegen in den wohlverdienten Ruhestand: <\/p>\n\n\n\n<div class=\"wp-block-columns is-layout-flex wp-container-core-columns-is-layout-1 wp-block-columns-is-layout-flex\">\n<div class=\"wp-block-column is-layout-flow wp-block-column-is-layout-flow\" style=\"flex-basis:100%\">\n<figure class=\"wp-block-gallery has-nested-images columns-default is-cropped wp-block-gallery-1 is-layout-flex wp-block-gallery-is-layout-flex\">\n<figure class=\"wp-block-image size-large\"><img loading=\"lazy\" decoding=\"async\" width=\"599\" height=\"1024\" src=\"https:\/\/ffgleo.de\/wp\/wp-content\/uploads\/2025\/07\/IMG_20250711_103427_NR-599x1024.jpg\" alt=\"\" class=\"wp-image-11444\" srcset=\"https:\/\/ffgleo.de\/wp\/wp-content\/uploads\/2025\/07\/IMG_20250711_103427_NR-599x1024.jpg 599w, https:\/\/ffgleo.de\/wp\/wp-content\/uploads\/2025\/07\/IMG_20250711_103427_NR-175x300.jpg 175w, https:\/\/ffgleo.de\/wp\/wp-content\/uploads\/2025\/07\/IMG_20250711_103427_NR-768x1314.jpg 768w, https:\/\/ffgleo.de\/wp\/wp-content\/uploads\/2025\/07\/IMG_20250711_103427_NR-898x1536.jpg 898w, https:\/\/ffgleo.de\/wp\/wp-content\/uploads\/2025\/07\/IMG_20250711_103427_NR-105x180.jpg 105w, https:\/\/ffgleo.de\/wp\/wp-content\/uploads\/2025\/07\/IMG_20250711_103427_NR.jpg 1009w\" sizes=\"auto, (max-width: 599px) 100vw, 599px\" \/><\/figure>\n\n\n\n<figure class=\"wp-block-image size-large\"><img loading=\"lazy\" decoding=\"async\" width=\"751\" height=\"955\" src=\"https:\/\/ffgleo.de\/wp\/wp-content\/uploads\/2025\/07\/2025_SWAB.jpg\" alt=\"\" class=\"wp-image-11432\" srcset=\"https:\/\/ffgleo.de\/wp\/wp-content\/uploads\/2025\/07\/2025_SWAB.jpg 751w, https:\/\/ffgleo.de\/wp\/wp-content\/uploads\/2025\/07\/2025_SWAB-236x300.jpg 236w, https:\/\/ffgleo.de\/wp\/wp-content\/uploads\/2025\/07\/2025_SWAB-142x180.jpg 142w\" sizes=\"auto, (max-width: 751px) 100vw, 751px\" \/><\/figure>\n\n\n\n<figure class=\"wp-block-image size-large\"><img loading=\"lazy\" decoding=\"async\" width=\"614\" height=\"1024\" src=\"https:\/\/ffgleo.de\/wp\/wp-content\/uploads\/2025\/07\/2025_Jochen_Brinkmann-614x1024.jpg\" alt=\"\" class=\"wp-image-11433\" srcset=\"https:\/\/ffgleo.de\/wp\/wp-content\/uploads\/2025\/07\/2025_Jochen_Brinkmann-614x1024.jpg 614w, https:\/\/ffgleo.de\/wp\/wp-content\/uploads\/2025\/07\/2025_Jochen_Brinkmann-180x300.jpg 180w, https:\/\/ffgleo.de\/wp\/wp-content\/uploads\/2025\/07\/2025_Jochen_Brinkmann-768x1281.jpg 768w, https:\/\/ffgleo.de\/wp\/wp-content\/uploads\/2025\/07\/2025_Jochen_Brinkmann-921x1536.jpg 921w, https:\/\/ffgleo.de\/wp\/wp-content\/uploads\/2025\/07\/2025_Jochen_Brinkmann-108x180.jpg 108w, https:\/\/ffgleo.de\/wp\/wp-content\/uploads\/2025\/07\/2025_Jochen_Brinkmann.jpg 949w\" sizes=\"auto, (max-width: 614px) 100vw, 614px\" \/><\/figure>\n<\/figure>\n<\/div>\n<\/div>\n\n\n\n<p><strong>Susanne Filges<\/strong>, <strong>Angela Schwab<\/strong> und <strong>Jochen Brinkmann<\/strong> haben unsere Schule \u00fcber viele Jahre hinweg gepr\u00e4gt \u2013 mit gro\u00dfem Engagement, Herz und p\u00e4dagogischer Leidenschaft. In einer sehr sch\u00f6nen Feier wurden sie durch die Schulleitung, die unterschiedlichen Fachschaften, Lehrerrat und allen anwesenden Kolleginnen und Kollegen auch musikalisch geb\u00fchrend verabschiedet. Wir danken ihnen von Herzen und w\u00fcnschen ihnen alles Gute f\u00fcr ihren neuen Lebensabschnitt.<\/p>\n\n\n\n<figure class=\"wp-block-gallery has-nested-images columns-default is-cropped wp-block-gallery-2 is-layout-flex wp-block-gallery-is-layout-flex\">\n<figure class=\"wp-block-image size-large\"><img loading=\"lazy\" decoding=\"async\" width=\"400\" height=\"600\" data-id=\"11497\" src=\"https:\/\/ffgleo.de\/wp\/wp-content\/uploads\/2025\/09\/Jan.jpg\" alt=\"\" class=\"wp-image-11497\" srcset=\"https:\/\/ffgleo.de\/wp\/wp-content\/uploads\/2025\/09\/Jan.jpg 400w, https:\/\/ffgleo.de\/wp\/wp-content\/uploads\/2025\/09\/Jan-200x300.jpg 200w, https:\/\/ffgleo.de\/wp\/wp-content\/uploads\/2025\/09\/Jan-120x180.jpg 120w\" sizes=\"auto, (max-width: 400px) 100vw, 400px\" \/><\/figure>\n\n\n\n<figure class=\"wp-block-image size-large\"><img loading=\"lazy\" decoding=\"async\" width=\"400\" height=\"600\" data-id=\"11496\" src=\"https:\/\/ffgleo.de\/wp\/wp-content\/uploads\/2025\/07\/Stur.jpg\" alt=\"\" class=\"wp-image-11496\" srcset=\"https:\/\/ffgleo.de\/wp\/wp-content\/uploads\/2025\/07\/Stur.jpg 400w, https:\/\/ffgleo.de\/wp\/wp-content\/uploads\/2025\/07\/Stur-200x300.jpg 200w, https:\/\/ffgleo.de\/wp\/wp-content\/uploads\/2025\/07\/Stur-120x180.jpg 120w\" sizes=\"auto, (max-width: 400px) 100vw, 400px\" \/><\/figure>\n<\/figure>\n\n\n\n<p><br>Au\u00dferdem verlassen uns die Vertretungslehrkr\u00e4fte <strong>Adam Janicki<\/strong>, <strong>Vanessa Karmiris<\/strong> und <strong>Silke<br>Sturm<\/strong>, die uns in diesem Jahr tatkr\u00e4ftig unterst\u00fctzt haben. Auch ihnen gilt unser herzlicher<br>Dank.<\/p>\n\n\n\n<p><\/p>\n","protected":false},"excerpt":{"rendered":"<p>Zum Ende dieses Schuljahres verabschieden wir drei langj\u00e4hrige und gesch\u00e4tzte Kolleginnenund Kollegen in den wohlverdienten Ruhestand: Susanne Filges, Angela Schwab und Jochen Brinkmann haben unsere Schule \u00fcber viele Jahre hinweg gepr\u00e4gt \u2013 mit gro\u00dfem Engagement, Herz und p\u00e4dagogischer Leidenschaft. In einer sehr sch\u00f6nen Feier wurden sie durch die Schulleitung, die &hellip;<\/p>\n","protected":false},"author":3,"featured_media":11446,"comment_status":"closed","ping_status":"closed","sticky":false,"template":"","format":"standard","meta":{"footnotes":""},"categories":[1],"tags":[],"class_list":["post-11429","post","type-post","status-publish","format-standard","has-post-thumbnail","hentry","category-allgemein"],"_links":{"self":[{"href":"https:\/\/ffgleo.de\/wp\/index.php?rest_route=\/wp\/v2\/posts\/11429","targetHints":{"allow":["GET"]}}],"collection":[{"href":"https:\/\/ffgleo.de\/wp\/index.php?rest_route=\/wp\/v2\/posts"}],"about":[{"href":"https:\/\/ffgleo.de\/wp\/index.php?rest_route=\/wp\/v2\/types\/post"}],"author":[{"embeddable":true,"href":"https:\/\/ffgleo.de\/wp\/index.php?rest_route=\/wp\/v2\/users\/3"}],"replies":[{"embeddable":true,"href":"https:\/\/ffgleo.de\/wp\/index.php?rest_route=%2Fwp%2Fv2%2Fcomments&post=11429"}],"version-history":[{"count":7,"href":"https:\/\/ffgleo.de\/wp\/index.php?rest_route=\/wp\/v2\/posts\/11429\/revisions"}],"predecessor-version":[{"id":11498,"href":"https:\/\/ffgleo.de\/wp\/index.php?rest_route=\/wp\/v2\/posts\/11429\/revisions\/11498"}],"wp:featuredmedia":[{"embeddable":true,"href":"https:\/\/ffgleo.de\/wp\/index.php?rest_route=\/wp\/v2\/media\/11446"}],"wp:attachment":[{"href":"https:\/\/ffgleo.de\/wp\/index.php?rest_route=%2Fwp%2Fv2%2Fmedia&parent=11429"}],"wp:term":[{"taxonomy":"category","embeddable":true,"href":"https:\/\/ffgleo.de\/wp\/index.php?rest_route=%2Fwp%2Fv2%2Fcategories&post=11429"},{"taxonomy":"post_tag","embeddable":true,"href":"https:\/\/ffgleo.de\/wp\/index.php?rest_route=%2Fwp%2Fv2%2Ftags&post=11429"}],"curies":[{"name":"wp","href":"https:\/\/api.w.org\/{rel}","templated":true}]}}