{"id":11549,"date":"2025-09-28T23:09:47","date_gmt":"2025-09-28T21:09:47","guid":{"rendered":"https:\/\/ffgleo.de\/wp\/?p=11549"},"modified":"2025-09-28T23:10:12","modified_gmt":"2025-09-28T21:10:12","slug":"ausser-kontrolle-das-neue-jahresthema-in-darstellen-gestalten","status":"publish","type":"post","link":"https:\/\/ffgleo.de\/wp\/?p=11549","title":{"rendered":"\u201eAu\u00dfer Kontrolle\u201c das neue Jahresthema in Darstellen &amp; Gestalten"},"content":{"rendered":"\n<p>Das neue Jahresthema wurde am Anfang des Schuljahres in einer Interne Fortbildung f\u00fcr D&amp;G LehrerInnen vorbereitet.<\/p>\n\n\n\n<p>Am Anfang des Schuljahres hatten wir, die Darstellen &amp; Gestalten LehrerInnen, die M\u00f6glichkeit uns am fr\u00fchen Nachmittag mit unserem Jahresthema \u201eAu\u00dfer Kontrolle\u201c intensiv auseinanderzusetzen. Unterst\u00fctzt wurden wir dabei von Sarah Mode\u00df, einer Theaterp\u00e4dagogin aus K\u00f6ln, die zu diesem Thema mit M\u00e4dchen und jungen Frauen schon gearbeitet und ein St\u00fcck inszeniert hat. Wir haben verschieden Zug\u00e4nge zum Thema gefunden, viel selbst ausprobiert und M\u00f6glichkeiten entwickelt, das Thema sch\u00fclergerecht aufzuarbeiten.<\/p>\n\n\n\n<figure class=\"wp-block-image size-large\"><img loading=\"lazy\" decoding=\"async\" width=\"1024\" height=\"768\" src=\"https:\/\/ffgleo.de\/wp\/wp-content\/uploads\/2025\/09\/2025_09_DG-1024x768.jpg\" alt=\"\" class=\"wp-image-11551\" srcset=\"https:\/\/ffgleo.de\/wp\/wp-content\/uploads\/2025\/09\/2025_09_DG-1024x768.jpg 1024w, https:\/\/ffgleo.de\/wp\/wp-content\/uploads\/2025\/09\/2025_09_DG-300x225.jpg 300w, https:\/\/ffgleo.de\/wp\/wp-content\/uploads\/2025\/09\/2025_09_DG-768x576.jpg 768w, https:\/\/ffgleo.de\/wp\/wp-content\/uploads\/2025\/09\/2025_09_DG-1536x1152.jpg 1536w, https:\/\/ffgleo.de\/wp\/wp-content\/uploads\/2025\/09\/2025_09_DG-2048x1536.jpg 2048w, https:\/\/ffgleo.de\/wp\/wp-content\/uploads\/2025\/09\/2025_09_DG-240x180.jpg 240w, https:\/\/ffgleo.de\/wp\/wp-content\/uploads\/2025\/09\/2025_09_DG-400x300.jpg 400w\" sizes=\"auto, (max-width: 1024px) 100vw, 1024px\" \/><\/figure>\n\n\n\n<p>Wir verlie\u00dfen mit vielen Ideen und Motivation an diesem Tag die Schule und sind ganz gespannt, was gemeinsam mit den Sch\u00fclerinnen und Sch\u00fclern sich daraus entwickeln wird.<\/p>\n\n\n\n<figure class=\"wp-block-image size-large\"><img decoding=\"async\" src=\"https:\/\/ffgleo.de\/wp\/wp-content\/uploads\/2025\/09\/2025_09_DG_2-1024x768.jpg\" alt=\"\" class=\"wp-image-11552\"\/><\/figure>\n\n\n\n<p>Das Ergebnis wird der Schul\u00f6ffentlichkeit am D&amp;G Abend vor den Osterferien pr\u00e4sentiert.<\/p>\n\n\n\n<p>Sabine Riepe (Fachkonferenzvorsitzende des Lernbereichs Darstellen &amp; Gestalten)<\/p>\n","protected":false},"excerpt":{"rendered":"<p>Das neue Jahresthema wurde am Anfang des Schuljahres in einer Interne Fortbildung f\u00fcr D&amp;G LehrerInnen vorbereitet. Am Anfang des Schuljahres hatten wir, die Darstellen &amp; Gestalten LehrerInnen, die M\u00f6glichkeit uns am fr\u00fchen Nachmittag mit unserem Jahresthema \u201eAu\u00dfer Kontrolle\u201c intensiv auseinanderzusetzen. Unterst\u00fctzt wurden wir dabei von Sarah Mode\u00df, einer Theaterp\u00e4dagogin aus &hellip;<\/p>\n","protected":false},"author":3,"featured_media":11552,"comment_status":"closed","ping_status":"closed","sticky":false,"template":"","format":"standard","meta":{"footnotes":""},"categories":[1],"tags":[],"class_list":["post-11549","post","type-post","status-publish","format-standard","has-post-thumbnail","hentry","category-allgemein"],"_links":{"self":[{"href":"https:\/\/ffgleo.de\/wp\/index.php?rest_route=\/wp\/v2\/posts\/11549","targetHints":{"allow":["GET"]}}],"collection":[{"href":"https:\/\/ffgleo.de\/wp\/index.php?rest_route=\/wp\/v2\/posts"}],"about":[{"href":"https:\/\/ffgleo.de\/wp\/index.php?rest_route=\/wp\/v2\/types\/post"}],"author":[{"embeddable":true,"href":"https:\/\/ffgleo.de\/wp\/index.php?rest_route=\/wp\/v2\/users\/3"}],"replies":[{"embeddable":true,"href":"https:\/\/ffgleo.de\/wp\/index.php?rest_route=%2Fwp%2Fv2%2Fcomments&post=11549"}],"version-history":[{"count":2,"href":"https:\/\/ffgleo.de\/wp\/index.php?rest_route=\/wp\/v2\/posts\/11549\/revisions"}],"predecessor-version":[{"id":11553,"href":"https:\/\/ffgleo.de\/wp\/index.php?rest_route=\/wp\/v2\/posts\/11549\/revisions\/11553"}],"wp:featuredmedia":[{"embeddable":true,"href":"https:\/\/ffgleo.de\/wp\/index.php?rest_route=\/wp\/v2\/media\/11552"}],"wp:attachment":[{"href":"https:\/\/ffgleo.de\/wp\/index.php?rest_route=%2Fwp%2Fv2%2Fmedia&parent=11549"}],"wp:term":[{"taxonomy":"category","embeddable":true,"href":"https:\/\/ffgleo.de\/wp\/index.php?rest_route=%2Fwp%2Fv2%2Fcategories&post=11549"},{"taxonomy":"post_tag","embeddable":true,"href":"https:\/\/ffgleo.de\/wp\/index.php?rest_route=%2Fwp%2Fv2%2Ftags&post=11549"}],"curies":[{"name":"wp","href":"https:\/\/api.w.org\/{rel}","templated":true}]}}