{"id":11565,"date":"2025-10-07T18:57:00","date_gmt":"2025-10-07T16:57:00","guid":{"rendered":"https:\/\/ffgleo.de\/wp\/?p=11565"},"modified":"2025-10-07T18:57:25","modified_gmt":"2025-10-07T16:57:25","slug":"ffg-franzosen-zu-gast-in-frankreich","status":"publish","type":"post","link":"https:\/\/ffgleo.de\/wp\/?p=11565","title":{"rendered":"FFG-Franzosen zu Gast in Frankreich"},"content":{"rendered":"\n<p>D<strong>eutsch-Franz\u00f6sischer Sch\u00fcleraustauch mit unserer Partnerschule Coll\u00e8ge Jean Moulin in St. Gaultier vom 26.9.-3.10.202<\/strong>5<\/p>\n\n\n\n<p>Ein Sch\u00fcleraustausch mit Unterbringung in franz\u00f6sischen Gast-Familien ist immer eine aufregende Sache und stellt f\u00fcr unsere Sch\u00fcler*innen des 9. Jahrgangs, die erst seit 2 Jahren Franz\u00f6sisch lernen, eine enorme Herausforderung dar. So manch eine\/r hatte kurz vor Ankunft Angst vor der eigenen Courage. \u00a0Aber nach dem Motto: Wat mutt, dat mutt oder Augen zu und durch haben alle Beteiligten die Herausforderungen mit Bravour gemeistert und ihre Sprachbarrieren und \u00c4ngste \u00fcberwinden k\u00f6nnen, v.a. dank eines tollen, vielseitigen Programms vor Ort und eines famili\u00e4ren und herzlichen Empfangs in den Gastfamilien.<br>Im Laufe der Woche erhielten unsere Sch\u00fcler*innen einen guten Einblick in den franz\u00f6sischen Schulalltag und wunderten sich, dass die franz\u00f6sischen Sch\u00fcler*innen deutlich strenger beaufsichtigt werden als in unserer Schule. Z.B. m\u00fcssen sich alle am Ende einer Pause auf dem Schulhof an Markierungen klassenweise aufstellen und warten, bis sie zum Unterricht von ihren Lehrerinnen und Lehrern abgeholt werden.<br><br>Das Coll\u00e8ge ist ein ehemaliges Kloster und hat nur ca. 200 Sch\u00fcler*innen. Da es direkt am Fluss (la Creuse) liegt, steht im Unterricht auch regelm\u00e4\u00dfig Kanufahren auf dem Programm, was wir dann nat\u00fcrlich auch ausprobieren konnten. Mit viel Spa\u00df auf dem Wasser konnte man bestens neue deutsch-franz\u00f6sische Ausdr\u00fccke lernen! Ein weiteres Highlight des Coll\u00e8ge ist eine gut ausgestattete Bolder-Turnhalle, die wir mit unseren Sch\u00fcler*innen ebenfalls nutzen durften. Die corres (Austauschsch\u00fcler*innen) haben gut aufeinander aufgepasst! Neben verschiedenen Unterrichtseinheiten wurden deutsch-franz\u00f6sische \u201eAteliers\u201c innerhalb unserer Gruppe organisiert mit Aufgaben, die mit den corres gemeinsam in Kleingruppen erledigt und in der Fremdsprache pr\u00e4sentiert wurden.\u00a0 Eine tolle sprachliche Erfahrung! Erg\u00e4nzt wurde das Programm mit interessanten Ausfl\u00fcgen in die Umgebung.<\/p>\n\n\n\n<figure class=\"wp-block-gallery has-nested-images columns-default is-cropped wp-block-gallery-1 is-layout-flex wp-block-gallery-is-layout-flex\">\n<figure class=\"wp-block-image size-large\"><img loading=\"lazy\" decoding=\"async\" width=\"859\" height=\"1024\" data-id=\"11574\" src=\"https:\/\/ffgleo.de\/wp\/wp-content\/uploads\/2025\/10\/2025_Frankreich_02-859x1024.jpg\" alt=\"\" class=\"wp-image-11574\" srcset=\"https:\/\/ffgleo.de\/wp\/wp-content\/uploads\/2025\/10\/2025_Frankreich_02-859x1024.jpg 859w, https:\/\/ffgleo.de\/wp\/wp-content\/uploads\/2025\/10\/2025_Frankreich_02-252x300.jpg 252w, https:\/\/ffgleo.de\/wp\/wp-content\/uploads\/2025\/10\/2025_Frankreich_02-768x916.jpg 768w, https:\/\/ffgleo.de\/wp\/wp-content\/uploads\/2025\/10\/2025_Frankreich_02-1288x1536.jpg 1288w, https:\/\/ffgleo.de\/wp\/wp-content\/uploads\/2025\/10\/2025_Frankreich_02-1718x2048.jpg 1718w, https:\/\/ffgleo.de\/wp\/wp-content\/uploads\/2025\/10\/2025_Frankreich_02-151x180.jpg 151w\" sizes=\"auto, (max-width: 859px) 100vw, 859px\" \/><\/figure>\n\n\n\n<figure class=\"wp-block-image size-large\"><img loading=\"lazy\" decoding=\"async\" width=\"768\" height=\"1024\" data-id=\"11575\" src=\"https:\/\/ffgleo.de\/wp\/wp-content\/uploads\/2025\/10\/2025_Frankreich_01-768x1024.jpg\" alt=\"\" class=\"wp-image-11575\" srcset=\"https:\/\/ffgleo.de\/wp\/wp-content\/uploads\/2025\/10\/2025_Frankreich_01-768x1024.jpg 768w, https:\/\/ffgleo.de\/wp\/wp-content\/uploads\/2025\/10\/2025_Frankreich_01-225x300.jpg 225w, https:\/\/ffgleo.de\/wp\/wp-content\/uploads\/2025\/10\/2025_Frankreich_01-1152x1536.jpg 1152w, https:\/\/ffgleo.de\/wp\/wp-content\/uploads\/2025\/10\/2025_Frankreich_01-1536x2048.jpg 1536w, https:\/\/ffgleo.de\/wp\/wp-content\/uploads\/2025\/10\/2025_Frankreich_01-135x180.jpg 135w, https:\/\/ffgleo.de\/wp\/wp-content\/uploads\/2025\/10\/2025_Frankreich_01-scaled.jpg 1920w\" sizes=\"auto, (max-width: 768px) 100vw, 768px\" \/><\/figure>\n<\/figure>\n\n\n\n<figure class=\"wp-block-gallery has-nested-images columns-default is-cropped wp-block-gallery-2 is-layout-flex wp-block-gallery-is-layout-flex\">\n<figure class=\"wp-block-image size-large\"><img loading=\"lazy\" decoding=\"async\" width=\"768\" height=\"1024\" data-id=\"11572\" src=\"https:\/\/ffgleo.de\/wp\/wp-content\/uploads\/2025\/10\/2025_Frankreich_04-768x1024.jpg\" alt=\"\" class=\"wp-image-11572\" srcset=\"https:\/\/ffgleo.de\/wp\/wp-content\/uploads\/2025\/10\/2025_Frankreich_04-768x1024.jpg 768w, https:\/\/ffgleo.de\/wp\/wp-content\/uploads\/2025\/10\/2025_Frankreich_04-225x300.jpg 225w, https:\/\/ffgleo.de\/wp\/wp-content\/uploads\/2025\/10\/2025_Frankreich_04-1152x1536.jpg 1152w, https:\/\/ffgleo.de\/wp\/wp-content\/uploads\/2025\/10\/2025_Frankreich_04-135x180.jpg 135w, https:\/\/ffgleo.de\/wp\/wp-content\/uploads\/2025\/10\/2025_Frankreich_04.jpg 1200w\" sizes=\"auto, (max-width: 768px) 100vw, 768px\" \/><\/figure>\n\n\n\n<figure class=\"wp-block-image size-large\"><img loading=\"lazy\" decoding=\"async\" width=\"768\" height=\"1024\" data-id=\"11573\" src=\"https:\/\/ffgleo.de\/wp\/wp-content\/uploads\/2025\/10\/2025_Frankreich_03-768x1024.jpg\" alt=\"\" class=\"wp-image-11573\" srcset=\"https:\/\/ffgleo.de\/wp\/wp-content\/uploads\/2025\/10\/2025_Frankreich_03-768x1024.jpg 768w, https:\/\/ffgleo.de\/wp\/wp-content\/uploads\/2025\/10\/2025_Frankreich_03-225x300.jpg 225w, https:\/\/ffgleo.de\/wp\/wp-content\/uploads\/2025\/10\/2025_Frankreich_03-1152x1536.jpg 1152w, https:\/\/ffgleo.de\/wp\/wp-content\/uploads\/2025\/10\/2025_Frankreich_03-135x180.jpg 135w, https:\/\/ffgleo.de\/wp\/wp-content\/uploads\/2025\/10\/2025_Frankreich_03.jpg 1200w\" sizes=\"auto, (max-width: 768px) 100vw, 768px\" \/><\/figure>\n<\/figure>\n\n\n\n<p>Au\u00dfer Mittwochnachmittag haben die franz\u00f6sischen Sch\u00fcler*innen immer bis 17h00 Unterricht und bekommen dann noch Hausaufgaben auf.\u00a0 So manch eine\/r unserer Gruppe bemerkte dann auch, dass wir es bei uns gar nicht so schlecht haben. <\/p>\n\n\n\n<figure class=\"wp-block-gallery has-nested-images columns-default is-cropped wp-block-gallery-3 is-layout-flex wp-block-gallery-is-layout-flex\">\n<figure class=\"wp-block-image size-large\"><img loading=\"lazy\" decoding=\"async\" width=\"768\" height=\"1024\" data-id=\"11571\" src=\"https:\/\/ffgleo.de\/wp\/wp-content\/uploads\/2025\/10\/2025_Frankreich_05-768x1024.jpg\" alt=\"\" class=\"wp-image-11571\" srcset=\"https:\/\/ffgleo.de\/wp\/wp-content\/uploads\/2025\/10\/2025_Frankreich_05-768x1024.jpg 768w, https:\/\/ffgleo.de\/wp\/wp-content\/uploads\/2025\/10\/2025_Frankreich_05-225x300.jpg 225w, https:\/\/ffgleo.de\/wp\/wp-content\/uploads\/2025\/10\/2025_Frankreich_05-1152x1536.jpg 1152w, https:\/\/ffgleo.de\/wp\/wp-content\/uploads\/2025\/10\/2025_Frankreich_05-135x180.jpg 135w, https:\/\/ffgleo.de\/wp\/wp-content\/uploads\/2025\/10\/2025_Frankreich_05.jpg 1530w\" sizes=\"auto, (max-width: 768px) 100vw, 768px\" \/><\/figure>\n\n\n\n<figure class=\"wp-block-image size-large\"><img loading=\"lazy\" decoding=\"async\" width=\"1024\" height=\"768\" data-id=\"11570\" src=\"https:\/\/ffgleo.de\/wp\/wp-content\/uploads\/2025\/10\/2025_Frankreich_06-1024x768.jpg\" alt=\"\" class=\"wp-image-11570\" srcset=\"https:\/\/ffgleo.de\/wp\/wp-content\/uploads\/2025\/10\/2025_Frankreich_06-1024x768.jpg 1024w, https:\/\/ffgleo.de\/wp\/wp-content\/uploads\/2025\/10\/2025_Frankreich_06-300x225.jpg 300w, https:\/\/ffgleo.de\/wp\/wp-content\/uploads\/2025\/10\/2025_Frankreich_06-768x576.jpg 768w, https:\/\/ffgleo.de\/wp\/wp-content\/uploads\/2025\/10\/2025_Frankreich_06-1536x1152.jpg 1536w, https:\/\/ffgleo.de\/wp\/wp-content\/uploads\/2025\/10\/2025_Frankreich_06-240x180.jpg 240w, https:\/\/ffgleo.de\/wp\/wp-content\/uploads\/2025\/10\/2025_Frankreich_06-400x300.jpg 400w, https:\/\/ffgleo.de\/wp\/wp-content\/uploads\/2025\/10\/2025_Frankreich_06.jpg 1600w\" sizes=\"auto, (max-width: 1024px) 100vw, 1024px\" \/><\/figure>\n<\/figure>\n\n\n\n<p>Abgerundet wurde unsere Begegnungsfahrt mit einem Kurzaufenthalt in Paris auf der Hinfahrt mit 1 \u00dcbernachtung und ein paar Stunden auf der R\u00fcckfahrt. Nicht viel Zeit, aber immerhin die M\u00f6glichkeit, ein bisschen Pariser Atmosph\u00e4re mit einigen Sehensw\u00fcrdigkeiten, viel Kunst und Musik zu erleben (sogar in der M\u00e9tro!). Den Tour Eiffel (oder besser \u201edie\u201c, denn f\u00fcr die Franzosen ist er weiblich, n\u00e4mlich \u201eLa grande dame\u201c), haben wir uns zu Fu\u00df erarbeitet, um von der 2. Etage eine super Aussicht \u00fcber die Stadt zu haben.\u00a0<\/p>\n\n\n\n<p><br><br>Eine erlebnisreiche Woche mit vielen neuen Eindr\u00fccken und Erfahrungen f\u00fcr die eigene Pers\u00f6nlichkeit liegt hinter uns. Viel zu kurz, finden wir alle. Ein gutes Zeichen, das hoffentlich Lust auf mehr macht und unsere Partnerschaft, die mittlerweile seit 40 Jahren Bestand hat, noch mindestens genauso lange andauern l\u00e4sst.<\/p>\n\n\n\n<figure class=\"wp-block-gallery has-nested-images columns-default is-cropped wp-block-gallery-4 is-layout-flex wp-block-gallery-is-layout-flex\">\n<figure class=\"wp-block-image size-large\"><img loading=\"lazy\" decoding=\"async\" width=\"1024\" height=\"768\" data-id=\"11569\" src=\"https:\/\/ffgleo.de\/wp\/wp-content\/uploads\/2025\/10\/2025_Frankreich_07-1024x768.jpg\" alt=\"\" class=\"wp-image-11569\" srcset=\"https:\/\/ffgleo.de\/wp\/wp-content\/uploads\/2025\/10\/2025_Frankreich_07-1024x768.jpg 1024w, https:\/\/ffgleo.de\/wp\/wp-content\/uploads\/2025\/10\/2025_Frankreich_07-300x225.jpg 300w, https:\/\/ffgleo.de\/wp\/wp-content\/uploads\/2025\/10\/2025_Frankreich_07-768x576.jpg 768w, https:\/\/ffgleo.de\/wp\/wp-content\/uploads\/2025\/10\/2025_Frankreich_07-1536x1152.jpg 1536w, https:\/\/ffgleo.de\/wp\/wp-content\/uploads\/2025\/10\/2025_Frankreich_07-240x180.jpg 240w, https:\/\/ffgleo.de\/wp\/wp-content\/uploads\/2025\/10\/2025_Frankreich_07-400x300.jpg 400w, https:\/\/ffgleo.de\/wp\/wp-content\/uploads\/2025\/10\/2025_Frankreich_07.jpg 1600w\" sizes=\"auto, (max-width: 1024px) 100vw, 1024px\" \/><\/figure>\n\n\n\n<figure class=\"wp-block-image size-large\"><img loading=\"lazy\" decoding=\"async\" width=\"1024\" height=\"768\" data-id=\"11568\" src=\"https:\/\/ffgleo.de\/wp\/wp-content\/uploads\/2025\/10\/2025_Frankreich_08-1024x768.jpg\" alt=\"\" class=\"wp-image-11568\" srcset=\"https:\/\/ffgleo.de\/wp\/wp-content\/uploads\/2025\/10\/2025_Frankreich_08-1024x768.jpg 1024w, https:\/\/ffgleo.de\/wp\/wp-content\/uploads\/2025\/10\/2025_Frankreich_08-300x225.jpg 300w, https:\/\/ffgleo.de\/wp\/wp-content\/uploads\/2025\/10\/2025_Frankreich_08-768x576.jpg 768w, https:\/\/ffgleo.de\/wp\/wp-content\/uploads\/2025\/10\/2025_Frankreich_08-1536x1152.jpg 1536w, https:\/\/ffgleo.de\/wp\/wp-content\/uploads\/2025\/10\/2025_Frankreich_08-240x180.jpg 240w, https:\/\/ffgleo.de\/wp\/wp-content\/uploads\/2025\/10\/2025_Frankreich_08-400x300.jpg 400w, https:\/\/ffgleo.de\/wp\/wp-content\/uploads\/2025\/10\/2025_Frankreich_08.jpg 2040w\" sizes=\"auto, (max-width: 1024px) 100vw, 1024px\" \/><\/figure>\n<\/figure>\n\n\n\n<p>Wir freuen uns schon, wenn die St.Gaultier-Franzosen im M\u00e4rz zu uns kommen!<br>Vive l\u2019amitie franco-allemande!<\/p>\n\n\n\n<p>Dagmar Wieling<\/p>\n","protected":false},"excerpt":{"rendered":"<p>Deutsch-Franz\u00f6sischer Sch\u00fcleraustauch mit unserer Partnerschule Coll\u00e8ge Jean Moulin in St. Gaultier vom 26.9.-3.10.2025 Ein Sch\u00fcleraustausch mit Unterbringung in franz\u00f6sischen Gast-Familien ist immer eine aufregende Sache und stellt f\u00fcr unsere Sch\u00fcler*innen des 9. Jahrgangs, die erst seit 2 Jahren Franz\u00f6sisch lernen, eine enorme Herausforderung dar. So manch eine\/r hatte kurz vor &hellip;<\/p>\n","protected":false},"author":3,"featured_media":11566,"comment_status":"closed","ping_status":"closed","sticky":false,"template":"","format":"standard","meta":{"footnotes":""},"categories":[1],"tags":[],"class_list":["post-11565","post","type-post","status-publish","format-standard","has-post-thumbnail","hentry","category-allgemein"],"_links":{"self":[{"href":"https:\/\/ffgleo.de\/wp\/index.php?rest_route=\/wp\/v2\/posts\/11565","targetHints":{"allow":["GET"]}}],"collection":[{"href":"https:\/\/ffgleo.de\/wp\/index.php?rest_route=\/wp\/v2\/posts"}],"about":[{"href":"https:\/\/ffgleo.de\/wp\/index.php?rest_route=\/wp\/v2\/types\/post"}],"author":[{"embeddable":true,"href":"https:\/\/ffgleo.de\/wp\/index.php?rest_route=\/wp\/v2\/users\/3"}],"replies":[{"embeddable":true,"href":"https:\/\/ffgleo.de\/wp\/index.php?rest_route=%2Fwp%2Fv2%2Fcomments&post=11565"}],"version-history":[{"count":2,"href":"https:\/\/ffgleo.de\/wp\/index.php?rest_route=\/wp\/v2\/posts\/11565\/revisions"}],"predecessor-version":[{"id":11576,"href":"https:\/\/ffgleo.de\/wp\/index.php?rest_route=\/wp\/v2\/posts\/11565\/revisions\/11576"}],"wp:featuredmedia":[{"embeddable":true,"href":"https:\/\/ffgleo.de\/wp\/index.php?rest_route=\/wp\/v2\/media\/11566"}],"wp:attachment":[{"href":"https:\/\/ffgleo.de\/wp\/index.php?rest_route=%2Fwp%2Fv2%2Fmedia&parent=11565"}],"wp:term":[{"taxonomy":"category","embeddable":true,"href":"https:\/\/ffgleo.de\/wp\/index.php?rest_route=%2Fwp%2Fv2%2Fcategories&post=11565"},{"taxonomy":"post_tag","embeddable":true,"href":"https:\/\/ffgleo.de\/wp\/index.php?rest_route=%2Fwp%2Fv2%2Ftags&post=11565"}],"curies":[{"name":"wp","href":"https:\/\/api.w.org\/{rel}","templated":true}]}}