{"id":11581,"date":"2025-10-14T15:55:05","date_gmt":"2025-10-14T13:55:05","guid":{"rendered":"https:\/\/ffgleo.de\/wp\/?p=11581"},"modified":"2025-10-14T15:55:26","modified_gmt":"2025-10-14T13:55:26","slug":"unser-schueleraustausch-mit-polen","status":"publish","type":"post","link":"https:\/\/ffgleo.de\/wp\/?p=11581","title":{"rendered":"Unser Sch\u00fcleraustausch mit Polen"},"content":{"rendered":"\n<p>Vom 23. bis 30. September 2025 durften wir an unserem 21. Sch\u00fcleraustausch mit den Partnerschulen in Myslakowice und Lomnitz teilnehmen. Schon beim Abschied im Mai hatten wir uns auf das Wiedersehen gefreut \u2013 und nun war es endlich soweit!<\/p>\n\n\n\n<p>Nach einer langen Zugfahrt wurden wir herzlich in Jelenia G\u00f3ra empfangen und von unseren Gastfamilien aufgenommen. Schnell merkten wir: Hier w\u00fcrden wir uns wohlf\u00fchlen.<\/p>\n\n\n\n<p>Das Programm war abwechslungsreich und spannend. Gemeinsam nahmen wir an Unterrichtsstunden teil, erkundeten die Schulen und besuchten den Miniaturenpark in Kowary. Bei einem Bummel durch Jelenia G\u00f3ra und einem Besuch im Einkaufszentrum konnten wir die polnische Kultur und den Alltag unserer Austauschpartner noch besser kennenlernen.<\/p>\n\n\n\n<figure class=\"wp-block-image size-large\"><img loading=\"lazy\" decoding=\"async\" width=\"1024\" height=\"771\" src=\"https:\/\/ffgleo.de\/wp\/wp-content\/uploads\/2025\/10\/2025_10_Polen_02_Gruppenfoto-2-1024x771.jpg\" alt=\"\" class=\"wp-image-11583\" srcset=\"https:\/\/ffgleo.de\/wp\/wp-content\/uploads\/2025\/10\/2025_10_Polen_02_Gruppenfoto-2-1024x771.jpg 1024w, https:\/\/ffgleo.de\/wp\/wp-content\/uploads\/2025\/10\/2025_10_Polen_02_Gruppenfoto-2-300x226.jpg 300w, https:\/\/ffgleo.de\/wp\/wp-content\/uploads\/2025\/10\/2025_10_Polen_02_Gruppenfoto-2-768x578.jpg 768w, https:\/\/ffgleo.de\/wp\/wp-content\/uploads\/2025\/10\/2025_10_Polen_02_Gruppenfoto-2-1536x1156.jpg 1536w, https:\/\/ffgleo.de\/wp\/wp-content\/uploads\/2025\/10\/2025_10_Polen_02_Gruppenfoto-2-239x180.jpg 239w, https:\/\/ffgleo.de\/wp\/wp-content\/uploads\/2025\/10\/2025_10_Polen_02_Gruppenfoto-2-400x300.jpg 400w, https:\/\/ffgleo.de\/wp\/wp-content\/uploads\/2025\/10\/2025_10_Polen_02_Gruppenfoto-2.jpg 1600w\" sizes=\"auto, (max-width: 1024px) 100vw, 1024px\" \/><\/figure>\n\n\n\n<p>Richtig sportlich wurde es im Thermalbad und bei unserem Ausflug nach Karpacz. Ein besonderes Erlebnis war die Wanderung auf die Schneekoppe: anstrengend, kalt \u2013 aber wirklich beeindruckend!<\/p>\n\n\n\n<p>Das Wochenende verbrachten wir individuell in unseren Gastfamilien \u2013 mit Ausfl\u00fcgen, Spielen, Sport oder einfach Zeit miteinander.<\/p>\n\n\n\n<p>Am Ende der Woche fiel uns der Abschied sehr schwer. Wir fuhren mit vielen sch\u00f6nen Erinnerungen, neuen Freundschaften und dem Gef\u00fchl zur\u00fcck, etwas Besonderes erlebt zu haben.<\/p>\n\n\n\n<figure class=\"wp-block-image size-large\"><img decoding=\"async\" src=\"https:\/\/ffgleo.de\/wp\/wp-content\/uploads\/2025\/10\/2025_10_Polen_01Gruppenfoto-1024x771.jpg\" alt=\"\" class=\"wp-image-11584\"\/><\/figure>\n\n\n\n<p>Ein gro\u00dfes Dankesch\u00f6n geht an die Sanddorf Stiftung, die diese Reise finanziert und m\u00f6glich gemacht hat.<\/p>\n\n\n\n<p><\/p>\n","protected":false},"excerpt":{"rendered":"<p>Vom 23. bis 30. September 2025 durften wir an unserem 21. Sch\u00fcleraustausch mit den Partnerschulen in Myslakowice und Lomnitz teilnehmen. Schon beim Abschied im Mai hatten wir uns auf das Wiedersehen gefreut \u2013 und nun war es endlich soweit! Nach einer langen Zugfahrt wurden wir herzlich in Jelenia G\u00f3ra empfangen &hellip;<\/p>\n","protected":false},"author":3,"featured_media":11584,"comment_status":"closed","ping_status":"closed","sticky":false,"template":"","format":"standard","meta":{"footnotes":""},"categories":[1],"tags":[],"class_list":["post-11581","post","type-post","status-publish","format-standard","has-post-thumbnail","hentry","category-allgemein"],"_links":{"self":[{"href":"https:\/\/ffgleo.de\/wp\/index.php?rest_route=\/wp\/v2\/posts\/11581","targetHints":{"allow":["GET"]}}],"collection":[{"href":"https:\/\/ffgleo.de\/wp\/index.php?rest_route=\/wp\/v2\/posts"}],"about":[{"href":"https:\/\/ffgleo.de\/wp\/index.php?rest_route=\/wp\/v2\/types\/post"}],"author":[{"embeddable":true,"href":"https:\/\/ffgleo.de\/wp\/index.php?rest_route=\/wp\/v2\/users\/3"}],"replies":[{"embeddable":true,"href":"https:\/\/ffgleo.de\/wp\/index.php?rest_route=%2Fwp%2Fv2%2Fcomments&post=11581"}],"version-history":[{"count":2,"href":"https:\/\/ffgleo.de\/wp\/index.php?rest_route=\/wp\/v2\/posts\/11581\/revisions"}],"predecessor-version":[{"id":11585,"href":"https:\/\/ffgleo.de\/wp\/index.php?rest_route=\/wp\/v2\/posts\/11581\/revisions\/11585"}],"wp:featuredmedia":[{"embeddable":true,"href":"https:\/\/ffgleo.de\/wp\/index.php?rest_route=\/wp\/v2\/media\/11584"}],"wp:attachment":[{"href":"https:\/\/ffgleo.de\/wp\/index.php?rest_route=%2Fwp%2Fv2%2Fmedia&parent=11581"}],"wp:term":[{"taxonomy":"category","embeddable":true,"href":"https:\/\/ffgleo.de\/wp\/index.php?rest_route=%2Fwp%2Fv2%2Fcategories&post=11581"},{"taxonomy":"post_tag","embeddable":true,"href":"https:\/\/ffgleo.de\/wp\/index.php?rest_route=%2Fwp%2Fv2%2Ftags&post=11581"}],"curies":[{"name":"wp","href":"https:\/\/api.w.org\/{rel}","templated":true}]}}